{"id":998,"global_id":"andreawittmann.de?id=998","global_id_lineage":["andreawittmann.de?id=998"],"author":"1","status":"publish","date":"2021-08-23 06:56:45","date_utc":"2021-08-23 06:56:45","modified":"2021-08-23 07:44:37","modified_utc":"2021-08-23 07:44:37","url":"https:\/\/andreawittmann.de\/?tribe_events=klimaschutz","rest_url":"https:\/\/andreawittmann.de\/index.php?rest_route=\/tribe\/events\/v1\/events\/998","title":"Klima- und Umweltschutz","description":"<p><img decoding=\"async\" loading=\"lazy\" src=\"https:\/\/andreawittmann.de\/wp-content\/uploads\/2021\/08\/Screenshot_Instagram-576x1024.png\" alt=\"\" width=\"576\" height=\"1024\" class=\"aligncenter size-large wp-image-1001\" srcset=\"https:\/\/andreawittmann.de\/wp-content\/uploads\/2021\/08\/Screenshot_Instagram-576x1024.png 576w, https:\/\/andreawittmann.de\/wp-content\/uploads\/2021\/08\/Screenshot_Instagram-169x300.png 169w, https:\/\/andreawittmann.de\/wp-content\/uploads\/2021\/08\/Screenshot_Instagram-768x1365.png 768w, https:\/\/andreawittmann.de\/wp-content\/uploads\/2021\/08\/Screenshot_Instagram-864x1536.png 864w, https:\/\/andreawittmann.de\/wp-content\/uploads\/2021\/08\/Screenshot_Instagram-830x1476.png 830w, https:\/\/andreawittmann.de\/wp-content\/uploads\/2021\/08\/Screenshot_Instagram-230x409.png 230w, https:\/\/andreawittmann.de\/wp-content\/uploads\/2021\/08\/Screenshot_Instagram-350x622.png 350w, https:\/\/andreawittmann.de\/wp-content\/uploads\/2021\/08\/Screenshot_Instagram-480x853.png 480w, https:\/\/andreawittmann.de\/wp-content\/uploads\/2021\/08\/Screenshot_Instagram.png 1080w\" sizes=\"(max-width: 576px) 100vw, 576px\" \/><\/p>\n<p>Klimaschutz ist das allerwichtigste aller Themen.  Dazu gibt es mittlerweile schon zahllose Aktionen von Lehrerkr\u00e4ften, die darauf hinweisen, wof\u00fcr sie die Kinder in der Schule unterrichten, wenn diese keine Zukunft mehr haben. Und darauf steuern wir hin, das kann mittlerweile keiner mehr abstreiten! (Im Anhang sende ich Ihnen ein Beispielbild.) Klimaziele geh\u00f6ren sofort festgelegt und umgesetzt. Nicht nur in Worten, sondern in Taten.Sowie ist die R\u00fcckbesinnung auf menschliche Werte f\u00fcr unsere Zukunft ausschlaggebend.<br \/>\nDie Klimakrise h\u00e4lt die Welt in Atem. Extremwetter brachten in den letzten Wochen Waldbr\u00e4nde, Hochwasser und Gluthitze, die zahlreiche Existenzen und Leben kosteten. Ereignisse dieser Art werden uns in Zukunft h\u00e4ufiger ereilen, warnt der Weltklimarat in seinem aktuellsten Bericht. Die Klimakrise schreitet schneller voran als angenommen. Der dringende Appell: Wir m\u00fcssen handeln, und zwar nicht morgen, sondern jetzt. Die Bundestagswahl 2021 ist entscheidend f\u00fcr unsere Zukunft.<br \/>\nSteigen die CO\u2082-Emissionen weiter so an wie bisher, erw\u00e4rmt sich die Erde um mehr als vier Grad. Die Folgen f\u00fcr Mensch und Natur w\u00e4ren dramatisch. Es bleiben noch zehn Jahre, um die globale Erw\u00e4rmung auf ein ertr\u00e4gliches Ma\u00df von 1,5 Grad zu begrenzen. Die n\u00e4chste Bundesregierung ist also mitentscheidend daf\u00fcr, in welcher Welt wir leben werden.<\/p>","excerpt":"","slug":"klimaschutz","image":{"url":"https:\/\/andreawittmann.de\/wp-content\/uploads\/2021\/08\/Kathrin-Reis.jpg","id":1000,"extension":"jpg","width":2016,"height":1512,"sizes":{"medium":{"width":300,"height":225,"mime-type":"image\/jpeg","url":"https:\/\/andreawittmann.de\/wp-content\/uploads\/2021\/08\/Kathrin-Reis-300x225.jpg"},"large":{"width":1024,"height":768,"mime-type":"image\/jpeg","url":"https:\/\/andreawittmann.de\/wp-content\/uploads\/2021\/08\/Kathrin-Reis-1024x768.jpg"},"thumbnail":{"width":150,"height":150,"mime-type":"image\/jpeg","url":"https:\/\/andreawittmann.de\/wp-content\/uploads\/2021\/08\/Kathrin-Reis-150x150.jpg"},"medium_large":{"width":768,"height":576,"mime-type":"image\/jpeg","url":"https:\/\/andreawittmann.de\/wp-content\/uploads\/2021\/08\/Kathrin-Reis-768x576.jpg"},"1536x1536":{"width":1536,"height":1152,"mime-type":"image\/jpeg","url":"https:\/\/andreawittmann.de\/wp-content\/uploads\/2021\/08\/Kathrin-Reis-1536x1152.jpg"},"sydney-large-thumb":{"width":830,"height":623,"mime-type":"image\/jpeg","url":"https:\/\/andreawittmann.de\/wp-content\/uploads\/2021\/08\/Kathrin-Reis-830x623.jpg"},"sydney-medium-thumb":{"width":550,"height":400,"mime-type":"image\/jpeg","url":"https:\/\/andreawittmann.de\/wp-content\/uploads\/2021\/08\/Kathrin-Reis-550x400.jpg"},"sydney-small-thumb":{"width":230,"height":173,"mime-type":"image\/jpeg","url":"https:\/\/andreawittmann.de\/wp-content\/uploads\/2021\/08\/Kathrin-Reis-230x173.jpg"},"sydney-service-thumb":{"width":350,"height":263,"mime-type":"image\/jpeg","url":"https:\/\/andreawittmann.de\/wp-content\/uploads\/2021\/08\/Kathrin-Reis-350x263.jpg"},"sydney-mas-thumb":{"width":480,"height":360,"mime-type":"image\/jpeg","url":"https:\/\/andreawittmann.de\/wp-content\/uploads\/2021\/08\/Kathrin-Reis-480x360.jpg"}}},"all_day":false,"start_date":"2021-08-23 08:00:00","start_date_details":{"year":"2021","month":"08","day":"23","hour":"08","minutes":"00","seconds":"00"},"end_date":"2021-08-23 17:00:00","end_date_details":{"year":"2021","month":"08","day":"23","hour":"17","minutes":"00","seconds":"00"},"utc_start_date":"2021-08-23 08:00:00","utc_start_date_details":{"year":"2021","month":"08","day":"23","hour":"08","minutes":"00","seconds":"00"},"utc_end_date":"2021-08-23 17:00:00","utc_end_date_details":{"year":"2021","month":"08","day":"23","hour":"17","minutes":"00","seconds":"00"},"timezone":"UTC+0","timezone_abbr":"UTC+0","cost":"","cost_details":{"currency_symbol":"","currency_position":"prefix","values":[]},"website":"","show_map":true,"show_map_link":true,"hide_from_listings":false,"sticky":false,"featured":false,"categories":[],"tags":[],"venue":[],"organizer":[],"json_ld":{"@context":"http:\/\/schema.org","@type":"Event","name":"Klima- und Umweltschutz","description":"&lt;p&gt;Klimaschutz ist das allerwichtigste aller Themen. Dazu gibt es mittlerweile schon zahllose Aktionen von Lehrerkr\u00e4ften, die darauf hinweisen, wof\u00fcr sie die Kinder in der Schule unterrichten, wenn diese keine Zukunft mehr haben. Und darauf steuern wir hin, das kann mittlerweile keiner mehr abstreiten! (Im Anhang sende ich Ihnen ein Beispielbild.) Klimaziele geh\u00f6ren sofort festgelegt und [&hellip;]&lt;\/p&gt;\\n","image":"https:\/\/andreawittmann.de\/wp-content\/uploads\/2021\/08\/Kathrin-Reis.jpg","url":"https:\/\/andreawittmann.de\/?tribe_events=klimaschutz","startDate":"2021-08-23T08:00:00+00:00","endDate":"2021-08-23T17:00:00+00:00","performer":"Organization"}}