{"id":890,"global_id":"andreawittmann.de?id=890","global_id_lineage":["andreawittmann.de?id=890"],"author":"1","status":"publish","date":"2021-07-27 13:22:12","date_utc":"2021-07-27 13:22:12","modified":"2021-07-27 13:42:40","modified_utc":"2021-07-27 13:42:40","url":"https:\/\/andreawittmann.de\/?tribe_events=gemeinde-schnaitsee","rest_url":"https:\/\/andreawittmann.de\/index.php?rest_route=\/tribe\/events\/v1\/events\/890","title":"Gemeinde Schnaitsee","description":"<p><img decoding=\"async\" loading=\"lazy\" src=\"https:\/\/andreawittmann.de\/wp-content\/uploads\/2021\/07\/Schnaitsee-768x1024.jpg\" alt=\"\" width=\"768\" height=\"1024\" class=\"aligncenter size-large wp-image-892\" srcset=\"https:\/\/andreawittmann.de\/wp-content\/uploads\/2021\/07\/Schnaitsee-768x1024.jpg 768w, https:\/\/andreawittmann.de\/wp-content\/uploads\/2021\/07\/Schnaitsee-225x300.jpg 225w, https:\/\/andreawittmann.de\/wp-content\/uploads\/2021\/07\/Schnaitsee-1152x1536.jpg 1152w, https:\/\/andreawittmann.de\/wp-content\/uploads\/2021\/07\/Schnaitsee-830x1107.jpg 830w, https:\/\/andreawittmann.de\/wp-content\/uploads\/2021\/07\/Schnaitsee-230x307.jpg 230w, https:\/\/andreawittmann.de\/wp-content\/uploads\/2021\/07\/Schnaitsee-350x467.jpg 350w, https:\/\/andreawittmann.de\/wp-content\/uploads\/2021\/07\/Schnaitsee-480x640.jpg 480w, https:\/\/andreawittmann.de\/wp-content\/uploads\/2021\/07\/Schnaitsee-rotated.jpg 1512w\" sizes=\"(max-width: 768px) 100vw, 768px\" \/><\/p>\n<p>Austausch mit B\u00fcrgermeister Thomas Schmidinger aus Schnaitsee \u00fcber die Einf\u00fchrung eines Freiwilligen Sozialen Jahres in Deutschland f\u00fcr Jungen und M\u00e4dchen.<br \/>\nDies w\u00e4re nicht nur eine gute Grundlage f\u00fcrs Leben, sondern es w\u00fcrden einige z.B. im Pflegeberuf bleiben. Und der Pflegebedarf wird bei uns immer h\u00f6her und die<br \/>\nPflegekr\u00e4fte werden weniger. Somit ist es f\u00fcr alle positiv.<\/p>","excerpt":"","slug":"gemeinde-schnaitsee","image":{"url":"https:\/\/andreawittmann.de\/wp-content\/uploads\/2021\/07\/Schnaitsee1-rotated.jpg","id":894,"extension":"jpg","width":1512,"height":2016,"sizes":{"medium":{"width":225,"height":300,"mime-type":"image\/jpeg","url":"https:\/\/andreawittmann.de\/wp-content\/uploads\/2021\/07\/Schnaitsee1-225x300.jpg"},"large":{"width":768,"height":1024,"mime-type":"image\/jpeg","url":"https:\/\/andreawittmann.de\/wp-content\/uploads\/2021\/07\/Schnaitsee1-768x1024.jpg"},"thumbnail":{"width":150,"height":150,"mime-type":"image\/jpeg","url":"https:\/\/andreawittmann.de\/wp-content\/uploads\/2021\/07\/Schnaitsee1-150x150.jpg"},"medium_large":{"width":768,"height":1024,"mime-type":"image\/jpeg","url":"https:\/\/andreawittmann.de\/wp-content\/uploads\/2021\/07\/Schnaitsee1-768x1024.jpg"},"1536x1536":{"width":1152,"height":1536,"mime-type":"image\/jpeg","url":"https:\/\/andreawittmann.de\/wp-content\/uploads\/2021\/07\/Schnaitsee1-1152x1536.jpg"},"sydney-large-thumb":{"width":830,"height":1107,"mime-type":"image\/jpeg","url":"https:\/\/andreawittmann.de\/wp-content\/uploads\/2021\/07\/Schnaitsee1-830x1107.jpg"},"sydney-medium-thumb":{"width":550,"height":400,"mime-type":"image\/jpeg","url":"https:\/\/andreawittmann.de\/wp-content\/uploads\/2021\/07\/Schnaitsee1-550x400.jpg"},"sydney-small-thumb":{"width":230,"height":307,"mime-type":"image\/jpeg","url":"https:\/\/andreawittmann.de\/wp-content\/uploads\/2021\/07\/Schnaitsee1-230x307.jpg"},"sydney-service-thumb":{"width":350,"height":467,"mime-type":"image\/jpeg","url":"https:\/\/andreawittmann.de\/wp-content\/uploads\/2021\/07\/Schnaitsee1-350x467.jpg"},"sydney-mas-thumb":{"width":480,"height":640,"mime-type":"image\/jpeg","url":"https:\/\/andreawittmann.de\/wp-content\/uploads\/2021\/07\/Schnaitsee1-480x640.jpg"}},"original_image":"Schnaitsee1.jpg"},"all_day":false,"start_date":"2021-07-22 08:00:00","start_date_details":{"year":"2021","month":"07","day":"22","hour":"08","minutes":"00","seconds":"00"},"end_date":"2021-07-22 17:00:00","end_date_details":{"year":"2021","month":"07","day":"22","hour":"17","minutes":"00","seconds":"00"},"utc_start_date":"2021-07-22 08:00:00","utc_start_date_details":{"year":"2021","month":"07","day":"22","hour":"08","minutes":"00","seconds":"00"},"utc_end_date":"2021-07-22 17:00:00","utc_end_date_details":{"year":"2021","month":"07","day":"22","hour":"17","minutes":"00","seconds":"00"},"timezone":"UTC+0","timezone_abbr":"UTC+0","cost":"","cost_details":{"currency_symbol":"","currency_position":"prefix","values":[]},"website":"","show_map":true,"show_map_link":true,"hide_from_listings":false,"sticky":false,"featured":false,"categories":[],"tags":[],"venue":[],"organizer":[],"json_ld":{"@context":"http:\/\/schema.org","@type":"Event","name":"Gemeinde Schnaitsee","description":"&lt;p&gt;Austausch mit B\u00fcrgermeister Thomas Schmidinger aus Schnaitsee \u00fcber die Einf\u00fchrung eines Freiwilligen Sozialen Jahres in Deutschland f\u00fcr Jungen und M\u00e4dchen. Dies w\u00e4re nicht nur eine gute Grundlage f\u00fcrs Leben, sondern es w\u00fcrden einige z.B. im Pflegeberuf bleiben. Und der Pflegebedarf wird bei uns immer h\u00f6her und die Pflegekr\u00e4fte werden weniger. Somit ist es f\u00fcr alle [&hellip;]&lt;\/p&gt;\\n","image":"https:\/\/andreawittmann.de\/wp-content\/uploads\/2021\/07\/Schnaitsee1-rotated.jpg","url":"https:\/\/andreawittmann.de\/?tribe_events=gemeinde-schnaitsee","startDate":"2021-07-22T08:00:00+00:00","endDate":"2021-07-22T17:00:00+00:00","performer":"Organization"}}