{"id":811,"global_id":"andreawittmann.de?id=811","global_id_lineage":["andreawittmann.de?id=811"],"author":"1","status":"publish","date":"2021-07-15 07:56:02","date_utc":"2021-07-15 07:56:02","modified":"2021-08-13 22:31:45","modified_utc":"2021-08-13 22:31:45","url":"https:\/\/andreawittmann.de\/?tribe_events=stadt-traunstein","rest_url":"https:\/\/andreawittmann.de\/index.php?rest_route=\/tribe\/events\/v1\/events\/811","title":"Stadt Traunstein","description":"<p><img decoding=\"async\" loading=\"lazy\" src=\"https:\/\/andreawittmann.de\/wp-content\/uploads\/2021\/07\/Traunstein-von-oben-Bild-Sepp-Niederbuchner--1024x682.jpg\" alt=\"\" width=\"1024\" height=\"682\" class=\"aligncenter size-large wp-image-812\" srcset=\"https:\/\/andreawittmann.de\/wp-content\/uploads\/2021\/07\/Traunstein-von-oben-Bild-Sepp-Niederbuchner--1024x682.jpg 1024w, https:\/\/andreawittmann.de\/wp-content\/uploads\/2021\/07\/Traunstein-von-oben-Bild-Sepp-Niederbuchner--300x200.jpg 300w, https:\/\/andreawittmann.de\/wp-content\/uploads\/2021\/07\/Traunstein-von-oben-Bild-Sepp-Niederbuchner--768x512.jpg 768w, https:\/\/andreawittmann.de\/wp-content\/uploads\/2021\/07\/Traunstein-von-oben-Bild-Sepp-Niederbuchner--1536x1024.jpg 1536w, https:\/\/andreawittmann.de\/wp-content\/uploads\/2021\/07\/Traunstein-von-oben-Bild-Sepp-Niederbuchner--830x553.jpg 830w, https:\/\/andreawittmann.de\/wp-content\/uploads\/2021\/07\/Traunstein-von-oben-Bild-Sepp-Niederbuchner--230x153.jpg 230w, https:\/\/andreawittmann.de\/wp-content\/uploads\/2021\/07\/Traunstein-von-oben-Bild-Sepp-Niederbuchner--350x233.jpg 350w, https:\/\/andreawittmann.de\/wp-content\/uploads\/2021\/07\/Traunstein-von-oben-Bild-Sepp-Niederbuchner--480x320.jpg 480w, https:\/\/andreawittmann.de\/wp-content\/uploads\/2021\/07\/Traunstein-von-oben-Bild-Sepp-Niederbuchner-.jpg 2000w\" sizes=\"(max-width: 1024px) 100vw, 1024px\" \/><\/p>\n<p>Guter Austausch \u00fcber die Erlebnisstadt Traunstein (Einzelhandel, Gastronomie, Wochenmarkt, u.a.) auf Vision in 10 Jahren mit Oberb\u00fcrgermeister Dr. Christian H\u00fcmmer und 2.B\u00fcrgermeisterin Burgi M\u00f6rtl-K\u00f6rner im Rathaus. Langfristig denken und kurzfristig reagieren. Der Wandel ist sehr schnell und wie reagieren wir als Stadt:<br \/>\nStadtmarketing neu denken, Verkehrsberuhigung am Stadtplatz &#8211; evtl. auch zu bestimmten Zeiten (Konzert, etc.), Verbesserung f\u00fcr Radfahrer, Fu\u00dfg\u00e4nger und Ausbau des \u00d6PNV, Schaffung von Wohnraum mit der Wohnungsbaugesellschaft &#8220;Heimat.Chiemgau&#8221; &#8211; gerade f\u00fcr junge Familien und Fachkr\u00e4fte wichtig, Paradigmenwechsel Digitale Infrastruktur mit Glasfasernetz &#8211; immer mehr Homeoffice sowie Breitbandausbau f\u00fcr mittelst\u00e4ndische Unternehmen.<br \/>\nKlimawandel wirds nur geben, wenn es bundesgesetzlich geregelt ist und weg von der klassischen Gewerbesteuer, sondern bei CO2-Reduzierung muss es Auszahlung geben. <\/p>","excerpt":"","slug":"stadt-traunstein","image":{"url":"https:\/\/andreawittmann.de\/wp-content\/uploads\/2021\/07\/Wappen-Ts-Bild-Sepp-Niederbuchner.jpg","id":814,"extension":"jpg","width":1772,"height":1181,"sizes":{"medium":{"width":300,"height":200,"mime-type":"image\/jpeg","url":"https:\/\/andreawittmann.de\/wp-content\/uploads\/2021\/07\/Wappen-Ts-Bild-Sepp-Niederbuchner-300x200.jpg"},"large":{"width":1024,"height":682,"mime-type":"image\/jpeg","url":"https:\/\/andreawittmann.de\/wp-content\/uploads\/2021\/07\/Wappen-Ts-Bild-Sepp-Niederbuchner-1024x682.jpg"},"thumbnail":{"width":150,"height":150,"mime-type":"image\/jpeg","url":"https:\/\/andreawittmann.de\/wp-content\/uploads\/2021\/07\/Wappen-Ts-Bild-Sepp-Niederbuchner-150x150.jpg"},"medium_large":{"width":768,"height":512,"mime-type":"image\/jpeg","url":"https:\/\/andreawittmann.de\/wp-content\/uploads\/2021\/07\/Wappen-Ts-Bild-Sepp-Niederbuchner-768x512.jpg"},"1536x1536":{"width":1536,"height":1024,"mime-type":"image\/jpeg","url":"https:\/\/andreawittmann.de\/wp-content\/uploads\/2021\/07\/Wappen-Ts-Bild-Sepp-Niederbuchner-1536x1024.jpg"},"sydney-large-thumb":{"width":830,"height":553,"mime-type":"image\/jpeg","url":"https:\/\/andreawittmann.de\/wp-content\/uploads\/2021\/07\/Wappen-Ts-Bild-Sepp-Niederbuchner-830x553.jpg"},"sydney-medium-thumb":{"width":550,"height":400,"mime-type":"image\/jpeg","url":"https:\/\/andreawittmann.de\/wp-content\/uploads\/2021\/07\/Wappen-Ts-Bild-Sepp-Niederbuchner-550x400.jpg"},"sydney-small-thumb":{"width":230,"height":153,"mime-type":"image\/jpeg","url":"https:\/\/andreawittmann.de\/wp-content\/uploads\/2021\/07\/Wappen-Ts-Bild-Sepp-Niederbuchner-230x153.jpg"},"sydney-service-thumb":{"width":350,"height":233,"mime-type":"image\/jpeg","url":"https:\/\/andreawittmann.de\/wp-content\/uploads\/2021\/07\/Wappen-Ts-Bild-Sepp-Niederbuchner-350x233.jpg"},"sydney-mas-thumb":{"width":480,"height":320,"mime-type":"image\/jpeg","url":"https:\/\/andreawittmann.de\/wp-content\/uploads\/2021\/07\/Wappen-Ts-Bild-Sepp-Niederbuchner-480x320.jpg"}}},"all_day":false,"start_date":"2021-08-12 08:00:00","start_date_details":{"year":"2021","month":"08","day":"12","hour":"08","minutes":"00","seconds":"00"},"end_date":"2021-08-12 17:00:00","end_date_details":{"year":"2021","month":"08","day":"12","hour":"17","minutes":"00","seconds":"00"},"utc_start_date":"2021-08-12 08:00:00","utc_start_date_details":{"year":"2021","month":"08","day":"12","hour":"08","minutes":"00","seconds":"00"},"utc_end_date":"2021-08-12 17:00:00","utc_end_date_details":{"year":"2021","month":"08","day":"12","hour":"17","minutes":"00","seconds":"00"},"timezone":"UTC+0","timezone_abbr":"UTC+0","cost":"","cost_details":{"currency_symbol":"","currency_position":"prefix","values":[]},"website":"","show_map":true,"show_map_link":true,"hide_from_listings":false,"sticky":false,"featured":false,"categories":[],"tags":[],"venue":[],"organizer":[],"json_ld":{"@context":"http:\/\/schema.org","@type":"Event","name":"Stadt Traunstein","description":"&lt;p&gt;Guter Austausch \u00fcber die Erlebnisstadt Traunstein (Einzelhandel, Gastronomie, Wochenmarkt, u.a.) auf Vision in 10 Jahren mit Oberb\u00fcrgermeister Dr. Christian H\u00fcmmer und 2.B\u00fcrgermeisterin Burgi M\u00f6rtl-K\u00f6rner im Rathaus. Langfristig denken und kurzfristig reagieren. Der Wandel ist sehr schnell und wie reagieren wir als Stadt: Stadtmarketing neu denken, Verkehrsberuhigung am Stadtplatz - evtl. auch zu bestimmten Zeiten (Konzert, [&hellip;]&lt;\/p&gt;\\n","image":"https:\/\/andreawittmann.de\/wp-content\/uploads\/2021\/07\/Wappen-Ts-Bild-Sepp-Niederbuchner.jpg","url":"https:\/\/andreawittmann.de\/?tribe_events=stadt-traunstein","startDate":"2021-08-12T08:00:00+00:00","endDate":"2021-08-12T17:00:00+00:00","performer":"Organization"}}