{"id":780,"global_id":"andreawittmann.de?id=780","global_id_lineage":["andreawittmann.de?id=780"],"author":"1","status":"publish","date":"2021-07-12 20:32:34","date_utc":"2021-07-12 20:32:34","modified":"2021-07-12 20:37:17","modified_utc":"2021-07-12 20:37:17","url":"https:\/\/andreawittmann.de\/?tribe_events=grenzenlos-literatur-mit-roland-hefter","rest_url":"https:\/\/andreawittmann.de\/index.php?rest_route=\/tribe\/events\/v1\/events\/780","title":"Grenzenlos Literatur mit Roland Hefter","description":"<p><img decoding=\"async\" loading=\"lazy\" src=\"https:\/\/andreawittmann.de\/wp-content\/uploads\/2021\/07\/A.-Wittmann-und-R.-Hefter-8-1024x703.jpg\" alt=\"\" width=\"1024\" height=\"703\" class=\"aligncenter size-large wp-image-781\" srcset=\"https:\/\/andreawittmann.de\/wp-content\/uploads\/2021\/07\/A.-Wittmann-und-R.-Hefter-8-1024x703.jpg 1024w, https:\/\/andreawittmann.de\/wp-content\/uploads\/2021\/07\/A.-Wittmann-und-R.-Hefter-8-300x206.jpg 300w, https:\/\/andreawittmann.de\/wp-content\/uploads\/2021\/07\/A.-Wittmann-und-R.-Hefter-8-768x527.jpg 768w, https:\/\/andreawittmann.de\/wp-content\/uploads\/2021\/07\/A.-Wittmann-und-R.-Hefter-8-1536x1054.jpg 1536w, https:\/\/andreawittmann.de\/wp-content\/uploads\/2021\/07\/A.-Wittmann-und-R.-Hefter-8-830x570.jpg 830w, https:\/\/andreawittmann.de\/wp-content\/uploads\/2021\/07\/A.-Wittmann-und-R.-Hefter-8-230x158.jpg 230w, https:\/\/andreawittmann.de\/wp-content\/uploads\/2021\/07\/A.-Wittmann-und-R.-Hefter-8-350x240.jpg 350w, https:\/\/andreawittmann.de\/wp-content\/uploads\/2021\/07\/A.-Wittmann-und-R.-Hefter-8-480x329.jpg 480w, https:\/\/andreawittmann.de\/wp-content\/uploads\/2021\/07\/A.-Wittmann-und-R.-Hefter-8.jpg 1574w\" sizes=\"(max-width: 1024px) 100vw, 1024px\" \/><\/p>\n<p>Chiemgauer Literaturfest \u201eLesegl\u00fcck \u2013 Grenzenlos Literatur\u201c<br \/>\nBunter \u201eAbend der Sinne\u201c mit den Musikern Andrea Wittmann und Roland Hefter \u2013 Musik, Gesang, Lyrik von Johann Wolfgang von Goethe, Kuhglocken und feine Kulinarik <\/p>\n<p>Seeon-Seebruck. Mit einem unterhaltsamen \u201eAbend der Sinne\u201c begeisterten die hiesige Musikerin Andrea Wittmann und der M\u00fcnchner Kabarettist, Liedermacher und S\u00e4nger Roland Hefter beim \u201eAbend der Sinne\u201c in der Brauerei Camba Bavaria in Seeon. Da die Veranstaltung im Rahmen des Chiemgauer Literaturfests \u201eLesegl\u00fcck \u2013 grenzenlos Literatur\u201c \u00fcber die B\u00fchne ging, genossen die Besucher eine bunte Mischung aus Musik und Lyrik, die viele weitere \u00dcberraschungen parat hielt. Auch f\u00fcr die Kulinarik war gesorgt. F\u00fcrs leibliche Wohl gab es n\u00e4mlich eine Bierverkostung f\u00fcr alle Sinne und dazu Geb\u00e4ck aus der hauseigenen Bio-B\u00e4ckerei.<br \/>\nWenn einer glaubw\u00fcrdig vom Leben erz\u00e4hlen und singen kann, dann ist es der authentisch-sympathische und lebensbejahende Bayer und Ur-M\u00fcnchner Roland Hefter, der als Mittf\u00fcnfziger auf und abseits der B\u00fchne schon einiges gesehen und erlebt hat und den so ziemlich nichts mehr aus der Fassung bringen kann. In seinen Liedern nimmt er kein Blatt vor dem Mund und scheut sich auch nicht davor, seine Mitmenschen und sich selbst aufs Korn zu nehmen.  Er ist echt wie ein ungefiltertes dunkles Starkbier, bei dem niemand auf die Idee k\u00e4me, Limo hinzuzusch\u00fctten. Selbiges galt indes auch f\u00fcr die Gerstensaft-Kostproben, die man sich vor Ort unter fachkundiger Anleitung von Biersommeli\u00e8re Wittmann schmecken lie\u00df. Als K\u00fcnstlerin ist sie das weibliche Pendant zu Hefter. Beide aufgewachsen als h\u00e4tten sie nie was anderes gemacht: \u201eMusik und freches Mundwerk. Ein Balanceakt zwischen Witz, Selbstironie und einem ernsten Kern, der in vielen Gedichten und Zitaten steckt\u201c, hie\u00df es in der Einladung und dieser Spagat sollte vollends gelingen. Jodelweltmeisterin Wittmann begleitete Hefter nicht nur mit ihrem Akkordeon und ihrer Stimme, sondern zitierte auch immer wieder den deutschen Vorzeige-Dichter und Naturforscher Johann Wolfgang von Goethe, der sich wie Hefter (er sitzt seit 2020 f\u00fcr die SPD im M\u00fcnchner Stadtrat) und Wittmann (sie tritt heuer f\u00fcr die Freien W\u00e4hler als Bundestags-Direktkandidatin an) auch f\u00fcr die Politik interessierte.<br \/>\nDass Weinliebhaber Goethe durchaus auch Geschmacksknospen f\u00fcr den Gerstensaft entwickelte, sieht man an folgenden Versen, die er laut Wittmann in munterer Studentenlaune verfasst habe: \u201eBestaubt sind unsere B\u00fccher, der Bierkrug macht uns kl\u00fcger, das Bier schafft uns Genuss, die B\u00fccher nur Verdruss.\u201c Der deutsche Dichterf\u00fcrst Goethe sei wahrlich kein Kostver\u00e4chter gewesen, meinte die Truchtlachingerin und lieferte sogleich einen weiteren Beweis aus dessen Feder: \u201eEin starkes Bier, ein beizender Tobak und eine Magd in Putz, das ist mein Geschmack\u201c. Viel Applaus erntete Wittmann auch f\u00fcr ihr Kuhglockenspiel, mit dem sie schon in Japan, China, Brasilien und den USA f\u00fcr Furore gesorgt hatte. Am liebsten ist die studierte Kirchenmusikerin aber nach eigener Aussage in den heimischen Bergen unterwegs.<br \/>\nAuch Wittmanns kongenialer Kollege Hefter kann seine Heimatliebe nie verbergen. So hei\u00dft es seinem z\u00fcnftigen Lied \u201eA Wei\u00dfbier in da Sun\u201c:  \u201eDoch mit tausend andre Deppen den Himalaya zertreten, ned mit mir da hab i echt koan Spa\u00df, oder aufm Traumschiff buchn um das Paradies zu suchn, i h\u00e4tt gornix zum o ziehn f\u00fcr den Kas\u201c. Keine Frage, daheim ist es doch am sch\u00f6nsten. \u201eDahoam is ma da, wo ma nachts im Dunkeln zum Bieseln geh ko. I fahr imma hoam nach am Konzert\u201c, witzelte Hefter und sorgte noch mit vielen weiteren Lebensweisheiten und Witzen f\u00fcr beste Stimmung und Unterhaltung. Den Rest steuerte er singend mit Liedern wie \u201eMa muass ned alles wissen\u201c (\u201eMein Tipp zum gl\u00fccklich sein\u201c) und \u201eI dad&#8217;s macha\u201c (\u201eMein Motivationslied\u201c) bei. Die Corona-Zeit sei gerade f\u00fcr die K\u00fcnstler, die monatelang nicht auftreten h\u00e4tten k\u00f6nnen, sehr schwierig gewesen, meinte Hefter bei der Ank\u00fcndigung seines Liedes \u201eSchlimmer geht&#8217;s immer\u201c, doch es sei \u201eimmer wichtig, positiv in die Zukunft zu schauen\u201c. Recht hat er. An diesem kurzweiligen Abend mit einer bunten Mischung aus Musik, Gesang, Lesung und Kulinarik war wirklich f\u00fcr jeden Sinn und Geschmack etwas dabei. mm\u00fc<\/p>\n<p><img decoding=\"async\" loading=\"lazy\" src=\"https:\/\/andreawittmann.de\/wp-content\/uploads\/2021\/07\/A.-Wittmann-und-R.-Hefter-9-1024x760.jpg\" alt=\"\" width=\"1024\" height=\"760\" class=\"aligncenter size-large wp-image-782\" srcset=\"https:\/\/andreawittmann.de\/wp-content\/uploads\/2021\/07\/A.-Wittmann-und-R.-Hefter-9-1024x760.jpg 1024w, https:\/\/andreawittmann.de\/wp-content\/uploads\/2021\/07\/A.-Wittmann-und-R.-Hefter-9-300x223.jpg 300w, https:\/\/andreawittmann.de\/wp-content\/uploads\/2021\/07\/A.-Wittmann-und-R.-Hefter-9-768x570.jpg 768w, https:\/\/andreawittmann.de\/wp-content\/uploads\/2021\/07\/A.-Wittmann-und-R.-Hefter-9-830x616.jpg 830w, https:\/\/andreawittmann.de\/wp-content\/uploads\/2021\/07\/A.-Wittmann-und-R.-Hefter-9-230x171.jpg 230w, https:\/\/andreawittmann.de\/wp-content\/uploads\/2021\/07\/A.-Wittmann-und-R.-Hefter-9-350x260.jpg 350w, https:\/\/andreawittmann.de\/wp-content\/uploads\/2021\/07\/A.-Wittmann-und-R.-Hefter-9-480x356.jpg 480w, https:\/\/andreawittmann.de\/wp-content\/uploads\/2021\/07\/A.-Wittmann-und-R.-Hefter-9.jpg 1455w\" sizes=\"(max-width: 1024px) 100vw, 1024px\" \/><\/p>","excerpt":"","slug":"grenzenlos-literatur-mit-roland-hefter","image":{"url":"https:\/\/andreawittmann.de\/wp-content\/uploads\/2021\/07\/IMG_6682.jpg","id":784,"extension":"jpg","width":629,"height":640,"sizes":{"medium":{"width":295,"height":300,"mime-type":"image\/jpeg","url":"https:\/\/andreawittmann.de\/wp-content\/uploads\/2021\/07\/IMG_6682-295x300.jpg"},"thumbnail":{"width":150,"height":150,"mime-type":"image\/jpeg","url":"https:\/\/andreawittmann.de\/wp-content\/uploads\/2021\/07\/IMG_6682-150x150.jpg"},"sydney-medium-thumb":{"width":550,"height":400,"mime-type":"image\/jpeg","url":"https:\/\/andreawittmann.de\/wp-content\/uploads\/2021\/07\/IMG_6682-550x400.jpg"},"sydney-small-thumb":{"width":230,"height":234,"mime-type":"image\/jpeg","url":"https:\/\/andreawittmann.de\/wp-content\/uploads\/2021\/07\/IMG_6682-230x234.jpg"},"sydney-service-thumb":{"width":350,"height":356,"mime-type":"image\/jpeg","url":"https:\/\/andreawittmann.de\/wp-content\/uploads\/2021\/07\/IMG_6682-350x356.jpg"},"sydney-mas-thumb":{"width":480,"height":488,"mime-type":"image\/jpeg","url":"https:\/\/andreawittmann.de\/wp-content\/uploads\/2021\/07\/IMG_6682-480x488.jpg"}}},"all_day":false,"start_date":"2021-07-08 08:00:00","start_date_details":{"year":"2021","month":"07","day":"08","hour":"08","minutes":"00","seconds":"00"},"end_date":"2021-07-08 17:00:00","end_date_details":{"year":"2021","month":"07","day":"08","hour":"17","minutes":"00","seconds":"00"},"utc_start_date":"2021-07-08 08:00:00","utc_start_date_details":{"year":"2021","month":"07","day":"08","hour":"08","minutes":"00","seconds":"00"},"utc_end_date":"2021-07-08 17:00:00","utc_end_date_details":{"year":"2021","month":"07","day":"08","hour":"17","minutes":"00","seconds":"00"},"timezone":"UTC+0","timezone_abbr":"UTC+0","cost":"","cost_details":{"currency_symbol":"","currency_position":"prefix","values":[]},"website":"","show_map":true,"show_map_link":true,"hide_from_listings":false,"sticky":false,"featured":false,"categories":[],"tags":[],"venue":[],"organizer":[],"json_ld":{"@context":"http:\/\/schema.org","@type":"Event","name":"Grenzenlos Literatur mit Roland Hefter","description":"&lt;p&gt;Chiemgauer Literaturfest \u201eLesegl\u00fcck \u2013 Grenzenlos Literatur\u201c Bunter \u201eAbend der Sinne\u201c mit den Musikern Andrea Wittmann und Roland Hefter \u2013 Musik, Gesang, Lyrik von Johann Wolfgang von Goethe, Kuhglocken und feine Kulinarik Seeon-Seebruck. Mit einem unterhaltsamen \u201eAbend der Sinne\u201c begeisterten die hiesige Musikerin Andrea Wittmann und der M\u00fcnchner Kabarettist, Liedermacher und S\u00e4nger Roland Hefter beim \u201eAbend [&hellip;]&lt;\/p&gt;\\n","image":"https:\/\/andreawittmann.de\/wp-content\/uploads\/2021\/07\/IMG_6682.jpg","url":"https:\/\/andreawittmann.de\/?tribe_events=grenzenlos-literatur-mit-roland-hefter","startDate":"2021-07-08T08:00:00+00:00","endDate":"2021-07-08T17:00:00+00:00","performer":"Organization"}}