{"id":715,"global_id":"andreawittmann.de?id=715","global_id_lineage":["andreawittmann.de?id=715"],"author":"1","status":"publish","date":"2021-06-23 17:58:37","date_utc":"2021-06-23 17:58:37","modified":"2021-09-07 16:51:25","modified_utc":"2021-09-07 16:51:25","url":"https:\/\/andreawittmann.de\/?tribe_events=milchbetrieb-paul-obermeier-bei-stein-a-d-traun","rest_url":"https:\/\/andreawittmann.de\/index.php?rest_route=\/tribe\/events\/v1\/events\/715","title":"Milchbetrieb Paul Obermeier bei Stein a.d. Traun","description":"<p><img decoding=\"async\" loading=\"lazy\" src=\"https:\/\/andreawittmann.de\/wp-content\/uploads\/2021\/06\/IMG_9006.jpg\" alt=\"\" width=\"640\" height=\"480\" class=\"aligncenter size-full wp-image-717\" srcset=\"https:\/\/andreawittmann.de\/wp-content\/uploads\/2021\/06\/IMG_9006.jpg 640w, https:\/\/andreawittmann.de\/wp-content\/uploads\/2021\/06\/IMG_9006-300x225.jpg 300w, https:\/\/andreawittmann.de\/wp-content\/uploads\/2021\/06\/IMG_9006-230x173.jpg 230w, https:\/\/andreawittmann.de\/wp-content\/uploads\/2021\/06\/IMG_9006-350x263.jpg 350w, https:\/\/andreawittmann.de\/wp-content\/uploads\/2021\/06\/IMG_9006-480x360.jpg 480w\" sizes=\"(max-width: 640px) 100vw, 640px\" \/><\/p>\n<p>Zusammen mit BBV-Kreisobmann Sebastian Siglreithmayer und FW Stadtr\u00e4ten Adi Trenker und Konrad Unterstein Besichtigung den Familien-Milchviehbetrieb Obermeier in H\u00f6henberg bei Stein.<br \/>\nVor allem der offene Stall mit den angenehmen Temperaturen in der gerade sommerlichen Zeit, der den Tieren viel Bewegungsm\u00f6glichkeiten bietet, beindruckte mich sehr.<br \/>\nAls konventioneller Betrieb liegt der Milchviehbetrieb besonderen Wert auf nachhaltige Wirtschaftswiese (GVO-frei).<br \/>\nTierwohl stand f\u00fcr den Betreib immer im Mittelpunkt. Obermeier erkl\u00e4rte, wir sind ein Familienbetreib, der das Futter f\u00fcr die Tiere auf dem eigenen Betreib herstellt. Die erzeugten Produkte wie Milch, wird an die Molkerei Bergader in Waging gelieert, die daraus K\u00e4se und Trinkmilch herstellt. Ebenso wird Braugerste f\u00fcr die ortsans\u00e4ssige Brauerei in Stein angebaut.<br \/>\nAnschlie\u00dfend wurde \u00fcber die allgemeine Situation der Landwirte diskutiert. Die Gesellschaft fordert mehr Tier-, Arten- und Klimaschutz &#8211; die Bauern mehr Wertsch\u00e4tzung und mehr Geld.<br \/>\nZ.B. die Dieselkosten sind seit Jahrzehnten gestiegen, der Liter Milch hatte vor 40 Jahren den gleichen Preis wie heute. Siglreithmayer erw\u00e4hnte, dass trotz bei dem hohen Grad der Ausbildung der Landwirte, laut Landwirtschaftsamt bei den Buchf\u00fchrungsauswertungen oft nicht einmal der Mindestlohn erreicht werde. Landwirte m\u00fcssen von der Arbeit leben k\u00f6nnen. Wenn der Verbraucher h\u00f6here Standartds will, muss das auch bezahlt werden. Eine Situation, die viele Landwirte frustriert. Denn statt Lob und Dankbarkeit erfahren sie Kritik. Die Liste an Forderungen ist lang: Sie sollen mehr f\u00fcrs Tierwohl tun, Insekten und Klima sch\u00fctzen, uvm. Die Landwirte sorgen daf\u00fcr, dass wir immer gen\u00fcgend zu Essen auf dem Teller haben. Doch obwohl das eigentlich jeder wei\u00df, f\u00fchlen sich die Landwirte bem\u00fc\u00dfigt, das immer \u00f6fter zu betonen. Denn g\u00fcnstige, gute Nahrungsmittel sind eine Selbstverst\u00e4ndlichkeit in Deutschland und die gro\u00dfen Handelsketten bestimmen den Preis. Gerade die regionale Wertsch\u00f6pfung unserer engagierten Landwirte muss viel mehr Gewicht und Wertsch\u00e4tzung bekommen. Landwirte denken in Generationen und das wird immer schwerer. Viele Verbraucher fordern mittlerweile eine &#8220;andere&#8221; Landwirtschaft. Das geht soweit, dass Spazierg\u00e4nger Landwirte auf dem Feld zur Rede stellen oder beschimpfen, wenn sie mit der Pflanzenschutzspritze oder dem G\u00fcllefass unterwegs sind. Landwirt ist nicht gleich Landwirt. Der eine hat 40 K\u00fche, der andere eine Biogasanlage. Der eine bewirtschaftet biologisch 30 Hektar Wiesen, der andere konventionell 200 ha Ackerland. Den typischen Landwirt gibt es nicht. Je nach Betriebsform hat jeder andere Forderungen und W\u00fcnsche. Darf man Rinder mit Silage f\u00fcttern oder nur mit Gras und Heu? Ist die G\u00fclleausbringung umweltschonender mit Schleppschlauch oder mit Breitverteiler? Ist Bio besser als konventionell? Brauchen Rinder H\u00f6rner? Auch wurde \u00fcber die Anbindehaltung mit Weidegang gesprochen. Wittmann betonte, dass die ganzj\u00e4hrige Haltung von K\u00fchen und Rinder im Anbindestall zunehmend nicht mehr diskutabel sei. Zugleich d\u00fcrfe aber die Anbindehaltung mit Weidegang nicht in Frage gestellt werden und m\u00fcsse ein zukunftsf\u00e4higes Modell bleiben. Sonst bestehe die Gefahr, dass viele Landwirte auch noch aufgeben. &#8220;Das k\u00f6nnen wir nicht wollen!&#8221; Die Bauern geh\u00f6ren zu unserer Kulturlandschaft! Generell m\u00fcssen alle nachhaltiger wirtschaften, doch zu viel Arbeit, zu viel B\u00fcrokratie, dadruch zu wenig Zeit f\u00fcr die Familie, kommt f\u00fcr die Bauern dazu, bemerkte Obermeier.<br \/>\nNat\u00fcrlich gabe es von der B\u00e4uerin Bier f\u00fcr alle mit der Braugerste vom eigenen Feld gebraut. <\/p>","excerpt":"","slug":"milchbetrieb-paul-obermeier-bei-stein-a-d-traun","image":{"url":"https:\/\/andreawittmann.de\/wp-content\/uploads\/2021\/06\/IMG_9011-rotated.jpg","id":719,"extension":"jpg","width":480,"height":640,"sizes":{"medium":{"width":225,"height":300,"mime-type":"image\/jpeg","url":"https:\/\/andreawittmann.de\/wp-content\/uploads\/2021\/06\/IMG_9011-225x300.jpg"},"thumbnail":{"width":150,"height":150,"mime-type":"image\/jpeg","url":"https:\/\/andreawittmann.de\/wp-content\/uploads\/2021\/06\/IMG_9011-150x150.jpg"},"sydney-medium-thumb":{"width":480,"height":400,"mime-type":"image\/jpeg","url":"https:\/\/andreawittmann.de\/wp-content\/uploads\/2021\/06\/IMG_9011-480x400.jpg"},"sydney-small-thumb":{"width":230,"height":307,"mime-type":"image\/jpeg","url":"https:\/\/andreawittmann.de\/wp-content\/uploads\/2021\/06\/IMG_9011-230x307.jpg"},"sydney-service-thumb":{"width":350,"height":467,"mime-type":"image\/jpeg","url":"https:\/\/andreawittmann.de\/wp-content\/uploads\/2021\/06\/IMG_9011-350x467.jpg"}},"original_image":"IMG_9011.jpg"},"all_day":false,"start_date":"2021-06-20 08:00:00","start_date_details":{"year":"2021","month":"06","day":"20","hour":"08","minutes":"00","seconds":"00"},"end_date":"2021-06-20 17:00:00","end_date_details":{"year":"2021","month":"06","day":"20","hour":"17","minutes":"00","seconds":"00"},"utc_start_date":"2021-06-20 08:00:00","utc_start_date_details":{"year":"2021","month":"06","day":"20","hour":"08","minutes":"00","seconds":"00"},"utc_end_date":"2021-06-20 17:00:00","utc_end_date_details":{"year":"2021","month":"06","day":"20","hour":"17","minutes":"00","seconds":"00"},"timezone":"UTC+0","timezone_abbr":"UTC+0","cost":"","cost_details":{"currency_symbol":"","currency_position":"prefix","values":[]},"website":"","show_map":true,"show_map_link":true,"hide_from_listings":false,"sticky":false,"featured":false,"categories":[],"tags":[],"venue":[],"organizer":[],"json_ld":{"@context":"http:\/\/schema.org","@type":"Event","name":"Milchbetrieb Paul Obermeier bei Stein a.d. Traun","description":"&lt;p&gt;Zusammen mit BBV-Kreisobmann Sebastian Siglreithmayer und FW Stadtr\u00e4ten Adi Trenker und Konrad Unterstein Besichtigung den Familien-Milchviehbetrieb Obermeier in H\u00f6henberg bei Stein. Vor allem der offene Stall mit den angenehmen Temperaturen in der gerade sommerlichen Zeit, der den Tieren viel Bewegungsm\u00f6glichkeiten bietet, beindruckte mich sehr. Als konventioneller Betrieb liegt der Milchviehbetrieb besonderen Wert auf nachhaltige Wirtschaftswiese [&hellip;]&lt;\/p&gt;\\n","image":"https:\/\/andreawittmann.de\/wp-content\/uploads\/2021\/06\/IMG_9011-rotated.jpg","url":"https:\/\/andreawittmann.de\/?tribe_events=milchbetrieb-paul-obermeier-bei-stein-a-d-traun","startDate":"2021-06-20T08:00:00+00:00","endDate":"2021-06-20T17:00:00+00:00","performer":"Organization"}}