{"id":712,"global_id":"andreawittmann.de?id=712","global_id_lineage":["andreawittmann.de?id=712"],"author":"1","status":"publish","date":"2021-06-23 17:36:37","date_utc":"2021-06-23 17:36:37","modified":"2021-07-19 18:01:16","modified_utc":"2021-07-19 18:01:16","url":"https:\/\/andreawittmann.de\/?tribe_events=jahreshauptversammlung-freie-waehler-schoenau-am-koenigsee","rest_url":"https:\/\/andreawittmann.de\/index.php?rest_route=\/tribe\/events\/v1\/events\/712","title":"Jahreshauptversammlung Freie W\u00e4hler Sch\u00f6nau am K\u00f6nigsee","description":"<p>vorne, vlnr: 2. Vorsitzender Xaver Wurm, stv. Landrat Michael Koller, Bundestagskandidatin Andrea Wittmann, Referentin f\u00fcr \u00d6ffentlichkeitsarbeit Julia Weindl, 1. Vorsitzender und Gemeinderat Thomas Janzen, Gemeinderat Martin Hofreiter<br \/>\nhinten, vlnr: Gemeinderat Markus Koll, Gemeinderat Hubert Biller, ehem. TRBK-Verbandsrat Franz Renoth, ehem. Gemeinderat Stefan Pfn\u00fcr, ehem Gemeinderat Hans H\u00f6lzl, 2. B\u00fcrgermeister. Richard Lenz, Gemeinderat Beppo Maltan, Schriftf\u00fchrer Sebastian Beer.<\/p>\n<p>Ehrungen und Neuwahlen bei den Freien W\u00e4hlern Sch\u00f6nau am K\u00f6nigssee<\/p>\n<p>Unter dem Motto \u201cF\u00fcr eine starke Kommune &#8211; F\u00fcr starke Kommunen\u201c f\u00fchrten die Freien W\u00e4hler Sch\u00f6nau am K\u00f6nigssee am Samstagabend ihre Jahreshauptversammlung im offenen Zelt beim Gasthof Bodner durch.Dank und Anerkennung zollte die Versammlung den nicht mehr zur Wahl angetretenen langj\u00e4hrigen Gemeinder\u00e4ten Johann H\u00f6lzl, Michael Lochner und Stefan Pfn\u00fcr sowie dem ausgeschiedenen TRBK-Verbandsrat Franz Renoth.<br \/>\nKassier Markus Koll berichtete \u00fcber geordnete Finanzen, die Entlastung f\u00fcr den Kassier und die Vorstandschaft erfolgte einstimmig.<br \/>\nVorsitzender Thomas Janzen blickte zur\u00fcck auf die Gemeinderatswahl im M\u00e4rz 2020 mit den Gew\u00e4hlten Hubert Biller, Martin Hofreiter, Thomas Janzen, Markus Koll, Beppo Maltan, Andreas Zechmeister sowie Richard Lenz im Amt des zweiten B\u00fcrgermeisters. Die dazwischenliegende Zeit war vor allem durch die Coronapandemie gepr\u00e4gt. Die allermeisten der getroffenen Ma\u00dfnahmen tragen die Freien W\u00e4hler mit. Deutlich missbilligten sie jedoch die Art und Weise der Verk\u00fcndigung und der Umsetzung des un\u00fcberlegten Lockdowns im Landkreis Berchtesgadener Land im Oktober 2020 von einem Tag auf den anderen mit dem sofortigen Heimschicken der Urlaubsg\u00e4ste, was die FW-Gemeinderatsmitglieder auch in einer Pressemitteilung kundtaten. Sie setzten sich stark daf\u00fcr ein, dass auch die Tourismusbetriebe wieder ihre Arbeit aufnehmen durften, besch\u00e4ftigten sich mit dem Einsatz von Hepa-Luftfiltern in Schulen und den Auswirkungen auf die Gemeindefinanzen.<br \/>\nDer stellvertretende Landrat Michael Koller betonte in seinen Gru\u00dfworten, dass die Freien W\u00e4hler die zweitst\u00e4rkste politische Kraft auf Kreisebene sind. F\u00fcr eine b\u00fcrgerliche Koalition brauche es die Freien W\u00e4hler im Bundestag, ein Einzug sei realistisch. Nur so lasse sich eine Mehrheit der Mandate f\u00fcr gr\u00fcn-rot-rot zuverl\u00e4ssig verhindern.<br \/>\nSogleich stellte sich die sympathische Bundestagskandidatin Andrea Wittmann vor. Die IHK-Touristikfachwirtin und am Mozarteum Salzburg diplomierte Kirchenmusikerin wurde 1973 in Traunstein geboren und ist Mutter von drei mittlerweile erwachsenen Kindern. Andrea Wittmann hat klare Vorstellungen, wie sie sich f\u00fcr den Erhalt unserer sch\u00f6nen Heimat f\u00fcr alle Generationen im Bundestag einsetzen m\u00f6chte, sei es im Bildungsbereich, im Kulturbereich, im nachhaltigen Tourismus oder f\u00fcr Handel, Handwerk und Wirtschaft. Die Basis und Hauptkompetenz der Freien W\u00e4hler liegt in der Kommunal- und Regionalpolitik. Entscheidungen vor Ort, kurze Dienstwege, regionale Wertsch\u00f6pfung und Energieversorgung sind somit das Hauptaugenmerk beim Einzug in den Bundestag. Ebenso der Einsatz f\u00fcr einen h\u00f6heren Verbleib von Steuergeldern in den Kommunen, gerade auch im Ausblick auf angespannte kommunale Finanzen als Folge der Coronapandemie. Ihren Einsatz f\u00fcr starke Kommunen fasst die Bundestagskandidatin der Freien W\u00e4hlern mit den Worten \u201eZukunft braucht Heimat\u201c zusammen.<\/p>\n<p>Ergebnis der Neuwahlen:<br \/>\n1. Vorsitzender: Thomas Janzen (wie bisher)<br \/>\n2. Vorsitzender: Xaver Wurm (bisher Richard Lenz)<br \/>\nKassier: Franz Pfn\u00fcr (bisher Markus Koll)<br \/>\nSchriftf\u00fchrer: Sebastian Beer (wie bisher)<br \/>\n\u00d6ffentlichkeitsarbeit: Julia Weindl (bisher Martin Hofreiter)<br \/>\nKassenpr\u00fcfer: Markus Koll (bisher Herbert Kastner)<\/p>","excerpt":"","slug":"jahreshauptversammlung-freie-waehler-schoenau-am-koenigsee","image":{"url":"https:\/\/andreawittmann.de\/wp-content\/uploads\/2021\/06\/IMG_0958-scaled.jpg","id":830,"extension":"jpg","width":2560,"height":1504,"sizes":{"medium":{"width":300,"height":176,"mime-type":"image\/jpeg","url":"https:\/\/andreawittmann.de\/wp-content\/uploads\/2021\/06\/IMG_0958-300x176.jpg"},"large":{"width":1024,"height":602,"mime-type":"image\/jpeg","url":"https:\/\/andreawittmann.de\/wp-content\/uploads\/2021\/06\/IMG_0958-1024x602.jpg"},"thumbnail":{"width":150,"height":150,"mime-type":"image\/jpeg","url":"https:\/\/andreawittmann.de\/wp-content\/uploads\/2021\/06\/IMG_0958-150x150.jpg"},"medium_large":{"width":768,"height":451,"mime-type":"image\/jpeg","url":"https:\/\/andreawittmann.de\/wp-content\/uploads\/2021\/06\/IMG_0958-768x451.jpg"},"1536x1536":{"width":1536,"height":903,"mime-type":"image\/jpeg","url":"https:\/\/andreawittmann.de\/wp-content\/uploads\/2021\/06\/IMG_0958-1536x903.jpg"},"2048x2048":{"width":2048,"height":1203,"mime-type":"image\/jpeg","url":"https:\/\/andreawittmann.de\/wp-content\/uploads\/2021\/06\/IMG_0958-2048x1203.jpg"},"sydney-large-thumb":{"width":830,"height":488,"mime-type":"image\/jpeg","url":"https:\/\/andreawittmann.de\/wp-content\/uploads\/2021\/06\/IMG_0958-830x488.jpg"},"sydney-medium-thumb":{"width":550,"height":400,"mime-type":"image\/jpeg","url":"https:\/\/andreawittmann.de\/wp-content\/uploads\/2021\/06\/IMG_0958-550x400.jpg"},"sydney-small-thumb":{"width":230,"height":135,"mime-type":"image\/jpeg","url":"https:\/\/andreawittmann.de\/wp-content\/uploads\/2021\/06\/IMG_0958-230x135.jpg"},"sydney-service-thumb":{"width":350,"height":206,"mime-type":"image\/jpeg","url":"https:\/\/andreawittmann.de\/wp-content\/uploads\/2021\/06\/IMG_0958-350x206.jpg"},"sydney-mas-thumb":{"width":480,"height":282,"mime-type":"image\/jpeg","url":"https:\/\/andreawittmann.de\/wp-content\/uploads\/2021\/06\/IMG_0958-480x282.jpg"}},"original_image":"IMG_0958.jpg"},"all_day":false,"start_date":"2021-07-17 08:00:00","start_date_details":{"year":"2021","month":"07","day":"17","hour":"08","minutes":"00","seconds":"00"},"end_date":"2021-07-17 17:00:00","end_date_details":{"year":"2021","month":"07","day":"17","hour":"17","minutes":"00","seconds":"00"},"utc_start_date":"2021-07-17 08:00:00","utc_start_date_details":{"year":"2021","month":"07","day":"17","hour":"08","minutes":"00","seconds":"00"},"utc_end_date":"2021-07-17 17:00:00","utc_end_date_details":{"year":"2021","month":"07","day":"17","hour":"17","minutes":"00","seconds":"00"},"timezone":"UTC+0","timezone_abbr":"UTC+0","cost":"","cost_details":{"currency_symbol":"","currency_position":"prefix","values":[]},"website":"","show_map":true,"show_map_link":true,"hide_from_listings":false,"sticky":false,"featured":false,"categories":[],"tags":[],"venue":[],"organizer":[],"json_ld":{"@context":"http:\/\/schema.org","@type":"Event","name":"Jahreshauptversammlung Freie W\u00e4hler Sch\u00f6nau am K\u00f6nigsee","description":"&lt;p&gt;vorne, vlnr: 2. Vorsitzender Xaver Wurm, stv. Landrat Michael Koller, Bundestagskandidatin Andrea Wittmann, Referentin f\u00fcr \u00d6ffentlichkeitsarbeit Julia Weindl, 1. Vorsitzender und Gemeinderat Thomas Janzen, Gemeinderat Martin Hofreiter hinten, vlnr: Gemeinderat Markus Koll, Gemeinderat Hubert Biller, ehem. TRBK-Verbandsrat Franz Renoth, ehem. Gemeinderat Stefan Pfn\u00fcr, ehem Gemeinderat Hans H\u00f6lzl, 2. B\u00fcrgermeister. Richard Lenz, Gemeinderat Beppo Maltan, Schriftf\u00fchrer [&hellip;]&lt;\/p&gt;\\n","image":"https:\/\/andreawittmann.de\/wp-content\/uploads\/2021\/06\/IMG_0958-scaled.jpg","url":"https:\/\/andreawittmann.de\/?tribe_events=jahreshauptversammlung-freie-waehler-schoenau-am-koenigsee","startDate":"2021-07-17T08:00:00+00:00","endDate":"2021-07-17T17:00:00+00:00","performer":"Organization"}}