{"id":690,"global_id":"andreawittmann.de?id=690","global_id_lineage":["andreawittmann.de?id=690"],"author":"1","status":"publish","date":"2021-06-14 20:46:54","date_utc":"2021-06-14 20:46:54","modified":"2021-06-14 20:47:20","modified_utc":"2021-06-14 20:47:20","url":"https:\/\/andreawittmann.de\/?tribe_events=treffen-mit-bauernverband-landwirten-und-politischen-vertretern","rest_url":"https:\/\/andreawittmann.de\/index.php?rest_route=\/tribe\/events\/v1\/events\/690","title":"Treffen mit Bauernverband, Landwirten und politischen Vertretern","description":"<p><img decoding=\"async\" loading=\"lazy\" class=\"wp-image-691 alignleft\" src=\"https:\/\/andreawittmann.de\/wp-content\/uploads\/2021\/06\/Beim-Huber-in-Doeging-bkl--1024x819.jpg\" alt=\"\" width=\"448\" height=\"358\" srcset=\"https:\/\/andreawittmann.de\/wp-content\/uploads\/2021\/06\/Beim-Huber-in-Doeging-bkl--1024x819.jpg 1024w, https:\/\/andreawittmann.de\/wp-content\/uploads\/2021\/06\/Beim-Huber-in-Doeging-bkl--300x240.jpg 300w, https:\/\/andreawittmann.de\/wp-content\/uploads\/2021\/06\/Beim-Huber-in-Doeging-bkl--768x614.jpg 768w, https:\/\/andreawittmann.de\/wp-content\/uploads\/2021\/06\/Beim-Huber-in-Doeging-bkl--1536x1229.jpg 1536w, https:\/\/andreawittmann.de\/wp-content\/uploads\/2021\/06\/Beim-Huber-in-Doeging-bkl--2048x1638.jpg 2048w, https:\/\/andreawittmann.de\/wp-content\/uploads\/2021\/06\/Beim-Huber-in-Doeging-bkl--830x664.jpg 830w, https:\/\/andreawittmann.de\/wp-content\/uploads\/2021\/06\/Beim-Huber-in-Doeging-bkl--230x184.jpg 230w, https:\/\/andreawittmann.de\/wp-content\/uploads\/2021\/06\/Beim-Huber-in-Doeging-bkl--350x280.jpg 350w, https:\/\/andreawittmann.de\/wp-content\/uploads\/2021\/06\/Beim-Huber-in-Doeging-bkl--480x384.jpg 480w\" sizes=\"(max-width: 448px) 100vw, 448px\" \/> <img decoding=\"async\" loading=\"lazy\" class=\"aligncenter wp-image-692\" src=\"https:\/\/andreawittmann.de\/wp-content\/uploads\/2021\/06\/Beim-Huber-in-Doeging-kl--1024x583.jpg\" alt=\"\" width=\"566\" height=\"322\" srcset=\"https:\/\/andreawittmann.de\/wp-content\/uploads\/2021\/06\/Beim-Huber-in-Doeging-kl--1024x583.jpg 1024w, https:\/\/andreawittmann.de\/wp-content\/uploads\/2021\/06\/Beim-Huber-in-Doeging-kl--300x171.jpg 300w, https:\/\/andreawittmann.de\/wp-content\/uploads\/2021\/06\/Beim-Huber-in-Doeging-kl--768x437.jpg 768w, https:\/\/andreawittmann.de\/wp-content\/uploads\/2021\/06\/Beim-Huber-in-Doeging-kl--1536x874.jpg 1536w, https:\/\/andreawittmann.de\/wp-content\/uploads\/2021\/06\/Beim-Huber-in-Doeging-kl--2048x1166.jpg 2048w, https:\/\/andreawittmann.de\/wp-content\/uploads\/2021\/06\/Beim-Huber-in-Doeging-kl--830x473.jpg 830w, https:\/\/andreawittmann.de\/wp-content\/uploads\/2021\/06\/Beim-Huber-in-Doeging-kl--230x131.jpg 230w, https:\/\/andreawittmann.de\/wp-content\/uploads\/2021\/06\/Beim-Huber-in-Doeging-kl--350x199.jpg 350w, https:\/\/andreawittmann.de\/wp-content\/uploads\/2021\/06\/Beim-Huber-in-Doeging-kl--480x273.jpg 480w\" sizes=\"(max-width: 566px) 100vw, 566px\" \/> <img decoding=\"async\" loading=\"lazy\" class=\"wp-image-693 alignleft\" src=\"https:\/\/andreawittmann.de\/wp-content\/uploads\/2021\/06\/Doeging-1024x683.jpg\" alt=\"\" width=\"367\" height=\"245\" srcset=\"https:\/\/andreawittmann.de\/wp-content\/uploads\/2021\/06\/Doeging-1024x683.jpg 1024w, https:\/\/andreawittmann.de\/wp-content\/uploads\/2021\/06\/Doeging-300x200.jpg 300w, https:\/\/andreawittmann.de\/wp-content\/uploads\/2021\/06\/Doeging-768x512.jpg 768w, https:\/\/andreawittmann.de\/wp-content\/uploads\/2021\/06\/Doeging-1536x1024.jpg 1536w, https:\/\/andreawittmann.de\/wp-content\/uploads\/2021\/06\/Doeging-2048x1366.jpg 2048w, https:\/\/andreawittmann.de\/wp-content\/uploads\/2021\/06\/Doeging-830x553.jpg 830w, https:\/\/andreawittmann.de\/wp-content\/uploads\/2021\/06\/Doeging-230x153.jpg 230w, https:\/\/andreawittmann.de\/wp-content\/uploads\/2021\/06\/Doeging-350x233.jpg 350w, https:\/\/andreawittmann.de\/wp-content\/uploads\/2021\/06\/Doeging-480x320.jpg 480w\" sizes=\"(max-width: 367px) 100vw, 367px\" \/> <img decoding=\"async\" loading=\"lazy\" class=\"aligncenter wp-image-694\" src=\"https:\/\/andreawittmann.de\/wp-content\/uploads\/2021\/06\/Doeging1-1024x614.jpg\" alt=\"\" width=\"407\" height=\"244\" srcset=\"https:\/\/andreawittmann.de\/wp-content\/uploads\/2021\/06\/Doeging1-1024x614.jpg 1024w, https:\/\/andreawittmann.de\/wp-content\/uploads\/2021\/06\/Doeging1-300x180.jpg 300w, https:\/\/andreawittmann.de\/wp-content\/uploads\/2021\/06\/Doeging1-768x461.jpg 768w, https:\/\/andreawittmann.de\/wp-content\/uploads\/2021\/06\/Doeging1-1536x922.jpg 1536w, https:\/\/andreawittmann.de\/wp-content\/uploads\/2021\/06\/Doeging1-2048x1229.jpg 2048w, https:\/\/andreawittmann.de\/wp-content\/uploads\/2021\/06\/Doeging1-830x498.jpg 830w, https:\/\/andreawittmann.de\/wp-content\/uploads\/2021\/06\/Doeging1-230x138.jpg 230w, https:\/\/andreawittmann.de\/wp-content\/uploads\/2021\/06\/Doeging1-350x210.jpg 350w, https:\/\/andreawittmann.de\/wp-content\/uploads\/2021\/06\/Doeging1-480x288.jpg 480w\" sizes=\"(max-width: 407px) 100vw, 407px\" \/><\/p>\n<p>&nbsp;<\/p>\n<p style=\"margin-bottom: 8.25pt;\"><span style=\"font-size: 12.0pt; font-family: 'Times New Roman',serif;\">Neben der Besichtigung der Biogasanlage, die CO2 neutralen Strom und W\u00e4rme f\u00fcr eine ganze Ortschaft erzeugt, wurde auch die Situation in der Landwirtschaft allgemein diskutiert, vor allem fehle auch oft \u00a0nur die gesellschaftliche Anerkennung, so der Tenor der anwesenden zahlreichen Landwirte. <\/span><\/p>\n<p style=\"margin-bottom: 8.25pt;\"><span style=\"font-size: 12.0pt; font-family: 'Times New Roman',serif;\">Es war f\u00fcr die Bundestagskandidatin Andrea Wittmann vor allem interessant, direkt von der Basis zu h\u00f6ren, welchen Problemen in den verschiedenen Landwirtschaftsbereichen sich die Landwirte durch eine verfehlte bzw. nicht zielorientierte Landwirtschaftspolitik in Br\u00fcssel bzw. Berlin stellen m\u00fcssen.<\/span><\/p>\n<p style=\"margin-bottom: 8.25pt;\"><span style=\"font-size: 12.0pt; font-family: 'Times New Roman',serif;\">Ein junger Landwirt berichtete, dass er gerne auf biologischen Landbau umstellen m\u00f6chte, er aber nicht planen kann, da die Auflagen daf\u00fcr noch nicht bekannt sind.<\/span><\/p>\n<p style=\"margin-bottom: 8.25pt;\"><span style=\"font-size: 12.0pt; font-family: 'Times New Roman',serif;\">Der Grund daf\u00fcr liegt in den stockenden Trialogverhandlungen in Br\u00fcssel. Auch die \u00dcberb\u00fcrokratisierung, beispielsweise bei der D\u00fcngeverordnung, ist f\u00fcr die b\u00e4uerliche Landwirtschaft problematisch. \u00a0<\/span><\/p>\n<p style=\"margin-bottom: 8.25pt;\"><span style=\"font-size: 12.0pt; font-family: 'Times New Roman',serif;\">Lebensmittelhandel, Konzerne und Investoren wollen keine Marktbeeinflussung durchlandwirtschaftliche Familienbetriebe. <\/span><\/p>\n<p style=\"margin-bottom: 8.25pt;\"><span style=\"font-size: 12.0pt; font-family: 'Times New Roman',serif;\">Rechtliche Bedingungen werden eng, neue Hygienebestimmungen verordnet oder die Vorgaben verkompliziert und versch\u00e4rft. <\/span><\/p>\n<p style=\"margin-bottom: 8.25pt;\"><span style=\"font-size: 12.0pt; font-family: 'Times New Roman',serif;\">Den Durchblick behalten k\u00f6nnen sich in der Regel die Konzerne mit entsprechendem Personal und juristischen Abteilungen und nicht die vielen kleinen Einzelk\u00e4mpfer. <\/span><\/p>\n<p style=\"margin-bottom: 8.25pt;\"><span style=\"font-size: 12.0pt; font-family: 'Times New Roman',serif;\">Daher ist es vielen mittelst\u00e4ndischen b\u00e4uerlichen Betrieben nicht mehr m\u00f6glich den Wust an Auflagen und Regularien abzuarbeiten, was zu vermehrten Strukturwandel zu Gro\u00dfbetrieben f\u00fchren wird.<\/span><\/p>\n<p style=\"margin-bottom: 8.25pt;\"><span style=\"font-size: 12.0pt; font-family: 'Times New Roman',serif;\">Generell sind unsere Landwirte alle engagiert und flei\u00dfig und k\u00fcmmern sich um regionale Wertsch\u00f6pfung aus Eigenanbau und Tierhaltung, zum Wohle ihrer engeren Region und Heimat, <\/span><\/p>\n<p style=\"margin-bottom: 8.25pt;\"><span style=\"font-size: 12.0pt; font-family: 'Times New Roman',serif;\">so das Res\u00fcmee der engagierten Kandidatin der FW, Andrea Wittmann aus Truchtlaching.<\/span><\/p>\n<p>&nbsp;<\/p>","excerpt":"","slug":"treffen-mit-bauernverband-landwirten-und-politischen-vertretern","image":{"url":"https:\/\/andreawittmann.de\/wp-content\/uploads\/2021\/06\/Kuh-Sepp-Niederbuchner-662kl-.jpg","id":695,"extension":"jpg","width":1300,"height":867,"sizes":{"medium":{"width":300,"height":200,"mime-type":"image\/jpeg","url":"https:\/\/andreawittmann.de\/wp-content\/uploads\/2021\/06\/Kuh-Sepp-Niederbuchner-662kl--300x200.jpg"},"large":{"width":1024,"height":683,"mime-type":"image\/jpeg","url":"https:\/\/andreawittmann.de\/wp-content\/uploads\/2021\/06\/Kuh-Sepp-Niederbuchner-662kl--1024x683.jpg"},"thumbnail":{"width":150,"height":150,"mime-type":"image\/jpeg","url":"https:\/\/andreawittmann.de\/wp-content\/uploads\/2021\/06\/Kuh-Sepp-Niederbuchner-662kl--150x150.jpg"},"medium_large":{"width":768,"height":512,"mime-type":"image\/jpeg","url":"https:\/\/andreawittmann.de\/wp-content\/uploads\/2021\/06\/Kuh-Sepp-Niederbuchner-662kl--768x512.jpg"},"sydney-large-thumb":{"width":830,"height":554,"mime-type":"image\/jpeg","url":"https:\/\/andreawittmann.de\/wp-content\/uploads\/2021\/06\/Kuh-Sepp-Niederbuchner-662kl--830x554.jpg"},"sydney-medium-thumb":{"width":550,"height":400,"mime-type":"image\/jpeg","url":"https:\/\/andreawittmann.de\/wp-content\/uploads\/2021\/06\/Kuh-Sepp-Niederbuchner-662kl--550x400.jpg"},"sydney-small-thumb":{"width":230,"height":153,"mime-type":"image\/jpeg","url":"https:\/\/andreawittmann.de\/wp-content\/uploads\/2021\/06\/Kuh-Sepp-Niederbuchner-662kl--230x153.jpg"},"sydney-service-thumb":{"width":350,"height":233,"mime-type":"image\/jpeg","url":"https:\/\/andreawittmann.de\/wp-content\/uploads\/2021\/06\/Kuh-Sepp-Niederbuchner-662kl--350x233.jpg"},"sydney-mas-thumb":{"width":480,"height":320,"mime-type":"image\/jpeg","url":"https:\/\/andreawittmann.de\/wp-content\/uploads\/2021\/06\/Kuh-Sepp-Niederbuchner-662kl--480x320.jpg"}}},"all_day":false,"start_date":"2021-06-09 08:00:00","start_date_details":{"year":"2021","month":"06","day":"09","hour":"08","minutes":"00","seconds":"00"},"end_date":"2021-06-09 17:00:00","end_date_details":{"year":"2021","month":"06","day":"09","hour":"17","minutes":"00","seconds":"00"},"utc_start_date":"2021-06-09 08:00:00","utc_start_date_details":{"year":"2021","month":"06","day":"09","hour":"08","minutes":"00","seconds":"00"},"utc_end_date":"2021-06-09 17:00:00","utc_end_date_details":{"year":"2021","month":"06","day":"09","hour":"17","minutes":"00","seconds":"00"},"timezone":"UTC+0","timezone_abbr":"UTC+0","cost":"","cost_details":{"currency_symbol":"","currency_position":"prefix","values":[]},"website":"","show_map":true,"show_map_link":true,"hide_from_listings":false,"sticky":false,"featured":false,"categories":[],"tags":[],"venue":[],"organizer":[],"json_ld":{"@context":"http:\/\/schema.org","@type":"Event","name":"Treffen mit Bauernverband, Landwirten und politischen Vertretern","description":"&lt;p&gt;&nbsp; Neben der Besichtigung der Biogasanlage, die CO2 neutralen Strom und W\u00e4rme f\u00fcr eine ganze Ortschaft erzeugt, wurde auch die Situation in der Landwirtschaft allgemein diskutiert, vor allem fehle auch oft \u00a0nur die gesellschaftliche Anerkennung, so der Tenor der anwesenden zahlreichen Landwirte. Es war f\u00fcr die Bundestagskandidatin Andrea Wittmann vor allem interessant, direkt von der [&hellip;]&lt;\/p&gt;\\n","image":"https:\/\/andreawittmann.de\/wp-content\/uploads\/2021\/06\/Kuh-Sepp-Niederbuchner-662kl-.jpg","url":"https:\/\/andreawittmann.de\/?tribe_events=treffen-mit-bauernverband-landwirten-und-politischen-vertretern","startDate":"2021-06-09T08:00:00+00:00","endDate":"2021-06-09T17:00:00+00:00","performer":"Organization"}}